{"id":18258,"date":"2022-12-22T12:47:55","date_gmt":"2022-12-22T11:47:55","guid":{"rendered":"https:\/\/laudiocomercial.com\/?p=18258"},"modified":"2022-12-22T13:20:19","modified_gmt":"2022-12-22T12:20:19","slug":"xxix-concurso-de-escaparates-de-llodio-2","status":"publish","type":"post","link":"https:\/\/laudiocomercial.com\/es\/xxix-concurso-de-escaparates-de-llodio-2\/","title":{"rendered":"XXIX CONCURSO DE ESCAPARATES DE LLODIO"},"content":{"rendered":"<p>Ayer se celebr\u00f3 en el Museo Etnogr\u00e1fico de Artziniega la gala de entrega de premios del IX Concurso de Escaparates de Ayala y del XXIX Concurso de Escaparates de Llodio.<\/p>\n<p>&nbsp;<\/p>\n<p><strong>El mejor escaparate comarca<\/strong>l se ha quedado nuevamente en Llodio, siendo <strong>Perfumer\u00eda Irusta<\/strong> el ganador del IX Concurso de Escaparates de Ayala. Adem\u00e1s, <strong>Perfumer\u00eda Irusta en la valoraci\u00f3n t\u00e9cnica y Monai en la popular han sido los mejores del Concurso de Escaparates de Llodio<\/strong>.<\/p>\n<p>Tambi\u00e9n resaltar que <strong>el escaparate m\u00e1s llamativo de la comarca ha sido el de La Casa de Resa.<\/strong><\/p>\n<p><strong>\u00a0<\/strong><\/p>\n<p>Por otro lado<strong>, e<\/strong><strong>l premio a la integraci\u00f3n del euskera<\/strong> en el escaparate que entregaba el Ayuntamiento de Llodio ha sido para <strong>Lur Natur Denda.<\/strong><\/p>\n<p><strong>\u00a0<\/strong><\/p>\n<p>En el Concurso t\u00e9cnico de Llodio este ha sido el resultado:<\/p>\n<p>1\u00ba Perfumer\u00eda Irusta<\/p>\n<p>2\u00ba Kukuma<\/p>\n<p>3\u00ba Aldama Arrandegia<\/p>\n<p>4\u00ba La Casa de Resa<\/p>\n<p>5\u00ba Lur Natur Denda<\/p>\n<p>Para finalizar el apartado t\u00e9cnico, el mejor escaparate novel ha sido Ez&amp;Bai.<\/p>\n<p>&nbsp;<\/p>\n<p>La valoraci\u00f3n popular en esta ocasi\u00f3n se ha realizado a trav\u00e9s del App Laudio Berrikusi, recogiendo los votos de 404 usuarios. Recordad que hoy es el \u00faltimo d\u00eda para completar la yincana de escaparates, tambi\u00e9n a trav\u00e9s de la App LB y ganar dos premios de un lote de navidad + vale de 50\u20ac.<\/p>\n<p>Este ha sido el resultado de la valoraci\u00f3n popular en el Concurso de Llodio:<\/p>\n<p>1\u00ba Monai<\/p>\n<p>2\u00ba La casa de Resa<\/p>\n<p>3\u00ba Lur Natur Denda<\/p>\n<p>&nbsp;<\/p>\n<p>Entre los votos recibidos a trav\u00e9s de APP Laudio Berrikusi se han sorteado dos vales de compra, uno de 100\u20ac y otro de 50\u20ac, que han sido para Mari Carmen Medinilla y Idoia Sautua, respectivamente.<\/p>\n<p>&nbsp;<\/p>\n<p>Desde APILL queremos felicitar a todos los participantes, en especial a los premiados y destacar el alt\u00edsimo nivel que este a\u00f1o ha habido en el Concurso.<\/p>\n<p>&nbsp;<\/p>\n<p>El XXIX Concurso de escaparates de Llodio ha sido organizado por APILL y patrocinado por el Departamento de Turismo, Comercio y Consumo de Gobierno Vasco y el Departamento de Promoci\u00f3n Econ\u00f3mica de la Diputaci\u00f3n Foral de \u00c1lava. Adem\u00e1s, ha colaborado el Ayuntamiento de Llodio.<\/p>\n<p>\u00a1Felicidades a todos!<\/p>\n<p>&nbsp;<\/p>\n<p>\n\t\t<style type=\"text\/css\">\n\t\t\t#gallery-1 {\n\t\t\t\tmargin: auto;\n\t\t\t}\n\t\t\t#gallery-1 .gallery-item {\n\t\t\t\tfloat: left;\n\t\t\t\tmargin-top: 10px;\n\t\t\t\ttext-align: center;\n\t\t\t\twidth: 33%;\n\t\t\t}\n\t\t\t#gallery-1 img {\n\t\t\t\tborder: 2px solid #cfcfcf;\n\t\t\t}\n\t\t\t#gallery-1 .gallery-caption {\n\t\t\t\tmargin-left: 0;\n\t\t\t}\n\t\t\t\/* see gallery_shortcode() in wp-includes\/media.php *\/\n\t\t<\/style>\n\t\t<div id='gallery-1' class='gallery galleryid-18258 gallery-columns-3 gallery-size-thumbnail'><dl class='gallery-item'>\n\t\t\t<dt class='gallery-icon portrait'>\n\t\t\t\t<a href='https:\/\/laudiocomercial.com\/es\/aldama-arraindegia-2022\/'><img width=\"150\" height=\"150\" src=\"https:\/\/laudiocomercial.com\/wp-content\/uploads\/2022\/12\/ALDAMA-ARRAINDEGIA-2022-150x150.jpg\" class=\"attachment-thumbnail size-thumbnail\" alt=\"\" decoding=\"async\" loading=\"lazy\" aria-describedby=\"gallery-1-18237\" srcset=\"https:\/\/laudiocomercial.com\/wp-content\/uploads\/2022\/12\/ALDAMA-ARRAINDEGIA-2022-150x150.jpg 150w, https:\/\/laudiocomercial.com\/wp-content\/uploads\/2022\/12\/ALDAMA-ARRAINDEGIA-2022-570x570.jpg 570w, https:\/\/laudiocomercial.com\/wp-content\/uploads\/2022\/12\/ALDAMA-ARRAINDEGIA-2022-500x500.jpg 500w\" sizes=\"(max-width: 150px) 100vw, 150px\" \/><\/a>\n\t\t\t<\/dt>\n\t\t\t\t<dd class='wp-caption-text gallery-caption' id='gallery-1-18237'>\n\t\t\t\tALDAMA ARRAINDEGIA &#8211; 3\u00ba PREMIO T\u00c9CNICO\n\t\t\t\t<\/dd><\/dl><dl class='gallery-item'>\n\t\t\t<dt class='gallery-icon portrait'>\n\t\t\t\t<a href='https:\/\/laudiocomercial.com\/es\/bazar-san-jose-2022\/'><img width=\"150\" height=\"150\" src=\"https:\/\/laudiocomercial.com\/wp-content\/uploads\/2022\/12\/BAZAR-SAN-JOSE-2022-150x150.jpg\" class=\"attachment-thumbnail size-thumbnail\" alt=\"\" decoding=\"async\" loading=\"lazy\" aria-describedby=\"gallery-1-18238\" srcset=\"https:\/\/laudiocomercial.com\/wp-content\/uploads\/2022\/12\/BAZAR-SAN-JOSE-2022-150x150.jpg 150w, https:\/\/laudiocomercial.com\/wp-content\/uploads\/2022\/12\/BAZAR-SAN-JOSE-2022-570x570.jpg 570w, https:\/\/laudiocomercial.com\/wp-content\/uploads\/2022\/12\/BAZAR-SAN-JOSE-2022-500x500.jpg 500w, https:\/\/laudiocomercial.com\/wp-content\/uploads\/2022\/12\/BAZAR-SAN-JOSE-2022-1000x1000.jpg 1000w\" sizes=\"(max-width: 150px) 100vw, 150px\" \/><\/a>\n\t\t\t<\/dt>\n\t\t\t\t<dd class='wp-caption-text gallery-caption' id='gallery-1-18238'>\n\t\t\t\tBAZAR SAN JOS\u00c9\n\t\t\t\t<\/dd><\/dl><dl class='gallery-item'>\n\t\t\t<dt class='gallery-icon portrait'>\n\t\t\t\t<a href='https:\/\/laudiocomercial.com\/es\/bitbyte-informatika-2022\/'><img width=\"150\" height=\"150\" src=\"https:\/\/laudiocomercial.com\/wp-content\/uploads\/2022\/12\/BITBYTE-INFORMATIKA-2022-150x150.jpg\" class=\"attachment-thumbnail size-thumbnail\" alt=\"\" decoding=\"async\" loading=\"lazy\" aria-describedby=\"gallery-1-18239\" srcset=\"https:\/\/laudiocomercial.com\/wp-content\/uploads\/2022\/12\/BITBYTE-INFORMATIKA-2022-150x150.jpg 150w, https:\/\/laudiocomercial.com\/wp-content\/uploads\/2022\/12\/BITBYTE-INFORMATIKA-2022-570x570.jpg 570w, https:\/\/laudiocomercial.com\/wp-content\/uploads\/2022\/12\/BITBYTE-INFORMATIKA-2022-500x500.jpg 500w, https:\/\/laudiocomercial.com\/wp-content\/uploads\/2022\/12\/BITBYTE-INFORMATIKA-2022-1000x1000.jpg 1000w\" sizes=\"(max-width: 150px) 100vw, 150px\" \/><\/a>\n\t\t\t<\/dt>\n\t\t\t\t<dd class='wp-caption-text gallery-caption' id='gallery-1-18239'>\n\t\t\t\tBITBYTE\n\t\t\t\t<\/dd><\/dl><br style=\"clear: both\" \/><dl class='gallery-item'>\n\t\t\t<dt class='gallery-icon landscape'>\n\t\t\t\t<a href='https:\/\/laudiocomercial.com\/es\/can-can-2022\/'><img width=\"150\" height=\"150\" src=\"https:\/\/laudiocomercial.com\/wp-content\/uploads\/2022\/12\/CAN-CAN-2022-150x150.jpg\" class=\"attachment-thumbnail size-thumbnail\" alt=\"\" decoding=\"async\" loading=\"lazy\" aria-describedby=\"gallery-1-18240\" srcset=\"https:\/\/laudiocomercial.com\/wp-content\/uploads\/2022\/12\/CAN-CAN-2022-150x150.jpg 150w, https:\/\/laudiocomercial.com\/wp-content\/uploads\/2022\/12\/CAN-CAN-2022-570x570.jpg 570w, https:\/\/laudiocomercial.com\/wp-content\/uploads\/2022\/12\/CAN-CAN-2022-500x500.jpg 500w\" sizes=\"(max-width: 150px) 100vw, 150px\" \/><\/a>\n\t\t\t<\/dt>\n\t\t\t\t<dd class='wp-caption-text gallery-caption' id='gallery-1-18240'>\n\t\t\t\tCAN CAN\n\t\t\t\t<\/dd><\/dl><dl class='gallery-item'>\n\t\t\t<dt class='gallery-icon landscape'>\n\t\t\t\t<a href='https:\/\/laudiocomercial.com\/es\/charol-2022\/'><img width=\"150\" height=\"150\" src=\"https:\/\/laudiocomercial.com\/wp-content\/uploads\/2022\/12\/CHAROL-2022-150x150.jpg\" class=\"attachment-thumbnail size-thumbnail\" alt=\"\" decoding=\"async\" loading=\"lazy\" aria-describedby=\"gallery-1-18241\" srcset=\"https:\/\/laudiocomercial.com\/wp-content\/uploads\/2022\/12\/CHAROL-2022-150x150.jpg 150w, https:\/\/laudiocomercial.com\/wp-content\/uploads\/2022\/12\/CHAROL-2022-570x570.jpg 570w, https:\/\/laudiocomercial.com\/wp-content\/uploads\/2022\/12\/CHAROL-2022-500x500.jpg 500w, https:\/\/laudiocomercial.com\/wp-content\/uploads\/2022\/12\/CHAROL-2022-1000x1000.jpg 1000w\" sizes=\"(max-width: 150px) 100vw, 150px\" \/><\/a>\n\t\t\t<\/dt>\n\t\t\t\t<dd class='wp-caption-text gallery-caption' id='gallery-1-18241'>\n\t\t\t\tCHAROL\n\t\t\t\t<\/dd><\/dl><dl class='gallery-item'>\n\t\t\t<dt class='gallery-icon landscape'>\n\t\t\t\t<a href='https:\/\/laudiocomercial.com\/es\/ez-bai-2022\/'><img width=\"150\" height=\"150\" src=\"https:\/\/laudiocomercial.com\/wp-content\/uploads\/2022\/12\/EZ-BAI-2022-150x150.jpg\" class=\"attachment-thumbnail size-thumbnail\" alt=\"\" decoding=\"async\" loading=\"lazy\" aria-describedby=\"gallery-1-18242\" srcset=\"https:\/\/laudiocomercial.com\/wp-content\/uploads\/2022\/12\/EZ-BAI-2022-150x150.jpg 150w, https:\/\/laudiocomercial.com\/wp-content\/uploads\/2022\/12\/EZ-BAI-2022-570x570.jpg 570w, https:\/\/laudiocomercial.com\/wp-content\/uploads\/2022\/12\/EZ-BAI-2022-500x500.jpg 500w, https:\/\/laudiocomercial.com\/wp-content\/uploads\/2022\/12\/EZ-BAI-2022-1000x1000.jpg 1000w\" sizes=\"(max-width: 150px) 100vw, 150px\" \/><\/a>\n\t\t\t<\/dt>\n\t\t\t\t<dd class='wp-caption-text gallery-caption' id='gallery-1-18242'>\n\t\t\t\tEZ&#038;BAI &#8211; MEJOR ESCAPARATE NOVEL\n\t\t\t\t<\/dd><\/dl><br style=\"clear: both\" \/><dl class='gallery-item'>\n\t\t\t<dt class='gallery-icon landscape'>\n\t\t\t\t<a href='https:\/\/laudiocomercial.com\/es\/kukuma-2022\/'><img width=\"150\" height=\"150\" src=\"https:\/\/laudiocomercial.com\/wp-content\/uploads\/2022\/12\/KUKUMA-2022-150x150.jpg\" class=\"attachment-thumbnail size-thumbnail\" alt=\"\" decoding=\"async\" loading=\"lazy\" aria-describedby=\"gallery-1-18243\" srcset=\"https:\/\/laudiocomercial.com\/wp-content\/uploads\/2022\/12\/KUKUMA-2022-150x150.jpg 150w, https:\/\/laudiocomercial.com\/wp-content\/uploads\/2022\/12\/KUKUMA-2022-570x570.jpg 570w, https:\/\/laudiocomercial.com\/wp-content\/uploads\/2022\/12\/KUKUMA-2022-500x500.jpg 500w, https:\/\/laudiocomercial.com\/wp-content\/uploads\/2022\/12\/KUKUMA-2022-1000x1000.jpg 1000w\" sizes=\"(max-width: 150px) 100vw, 150px\" \/><\/a>\n\t\t\t<\/dt>\n\t\t\t\t<dd class='wp-caption-text gallery-caption' id='gallery-1-18243'>\n\t\t\t\tKUKUMA &#8211; 2\u00ba PREMIO T\u00c9CNICO\n\t\t\t\t<\/dd><\/dl><dl class='gallery-item'>\n\t\t\t<dt class='gallery-icon landscape'>\n\t\t\t\t<a href='https:\/\/laudiocomercial.com\/es\/la-casa-de-resa-2022\/'><img width=\"150\" height=\"150\" src=\"https:\/\/laudiocomercial.com\/wp-content\/uploads\/2022\/12\/LA-CASA-DE-RESA-2022-150x150.jpg\" class=\"attachment-thumbnail size-thumbnail\" alt=\"\" decoding=\"async\" loading=\"lazy\" aria-describedby=\"gallery-1-18244\" srcset=\"https:\/\/laudiocomercial.com\/wp-content\/uploads\/2022\/12\/LA-CASA-DE-RESA-2022-150x150.jpg 150w, https:\/\/laudiocomercial.com\/wp-content\/uploads\/2022\/12\/LA-CASA-DE-RESA-2022-570x570.jpg 570w, https:\/\/laudiocomercial.com\/wp-content\/uploads\/2022\/12\/LA-CASA-DE-RESA-2022-500x500.jpg 500w, https:\/\/laudiocomercial.com\/wp-content\/uploads\/2022\/12\/LA-CASA-DE-RESA-2022-1000x1000.jpg 1000w\" sizes=\"(max-width: 150px) 100vw, 150px\" \/><\/a>\n\t\t\t<\/dt>\n\t\t\t\t<dd class='wp-caption-text gallery-caption' id='gallery-1-18244'>\n\t\t\t\tLA CASA DE RESA &#8211; 2. MENCI\u00d3N ESPECIAL POPULAR, 4\u00ba MENCI\u00d3N ESPECIAL T\u00c9CNICO Y ESCAPARATE M\u00c1S LLAMATIVO AYALA\n\t\t\t\t<\/dd><\/dl><dl class='gallery-item'>\n\t\t\t<dt class='gallery-icon portrait'>\n\t\t\t\t<a href='https:\/\/laudiocomercial.com\/es\/los-chicos-2022\/'><img width=\"150\" height=\"150\" src=\"https:\/\/laudiocomercial.com\/wp-content\/uploads\/2022\/12\/LOS-CHICOS-2022-150x150.jpg\" class=\"attachment-thumbnail size-thumbnail\" alt=\"\" decoding=\"async\" loading=\"lazy\" aria-describedby=\"gallery-1-18245\" srcset=\"https:\/\/laudiocomercial.com\/wp-content\/uploads\/2022\/12\/LOS-CHICOS-2022-150x150.jpg 150w, https:\/\/laudiocomercial.com\/wp-content\/uploads\/2022\/12\/LOS-CHICOS-2022-570x570.jpg 570w, https:\/\/laudiocomercial.com\/wp-content\/uploads\/2022\/12\/LOS-CHICOS-2022-500x500.jpg 500w, https:\/\/laudiocomercial.com\/wp-content\/uploads\/2022\/12\/LOS-CHICOS-2022-1000x1000.jpg 1000w\" sizes=\"(max-width: 150px) 100vw, 150px\" \/><\/a>\n\t\t\t<\/dt>\n\t\t\t\t<dd class='wp-caption-text gallery-caption' id='gallery-1-18245'>\n\t\t\t\tLOS CHICOS\n\t\t\t\t<\/dd><\/dl><br style=\"clear: both\" \/><dl class='gallery-item'>\n\t\t\t<dt class='gallery-icon portrait'>\n\t\t\t\t<a href='https:\/\/laudiocomercial.com\/es\/lur-natur-denda-2022\/'><img width=\"150\" height=\"150\" src=\"https:\/\/laudiocomercial.com\/wp-content\/uploads\/2022\/12\/LUR-NATUR-DENDA-2022-150x150.jpg\" class=\"attachment-thumbnail size-thumbnail\" alt=\"\" decoding=\"async\" loading=\"lazy\" aria-describedby=\"gallery-1-18246\" srcset=\"https:\/\/laudiocomercial.com\/wp-content\/uploads\/2022\/12\/LUR-NATUR-DENDA-2022-150x150.jpg 150w, https:\/\/laudiocomercial.com\/wp-content\/uploads\/2022\/12\/LUR-NATUR-DENDA-2022-570x570.jpg 570w, https:\/\/laudiocomercial.com\/wp-content\/uploads\/2022\/12\/LUR-NATUR-DENDA-2022-500x500.jpg 500w, https:\/\/laudiocomercial.com\/wp-content\/uploads\/2022\/12\/LUR-NATUR-DENDA-2022-1000x1000.jpg 1000w\" sizes=\"(max-width: 150px) 100vw, 150px\" \/><\/a>\n\t\t\t<\/dt>\n\t\t\t\t<dd class='wp-caption-text gallery-caption' id='gallery-1-18246'>\n\t\t\t\tLUR NATUR DENDA &#8211; INTEGRACI\u00d3N DEL EUSKERA, 3\u00ba MENCI\u00d3N ESPECIAL POPULAR Y 5\u00ba MENCI\u00d3N ESPECIAL T\u00c9CNICO\n\t\t\t\t<\/dd><\/dl><dl class='gallery-item'>\n\t\t\t<dt class='gallery-icon landscape'>\n\t\t\t\t<a href='https:\/\/laudiocomercial.com\/es\/monai-2022\/'><img width=\"150\" height=\"150\" src=\"https:\/\/laudiocomercial.com\/wp-content\/uploads\/2022\/12\/MONAI-2022-150x150.jpg\" class=\"attachment-thumbnail size-thumbnail\" alt=\"\" decoding=\"async\" loading=\"lazy\" aria-describedby=\"gallery-1-18247\" srcset=\"https:\/\/laudiocomercial.com\/wp-content\/uploads\/2022\/12\/MONAI-2022-150x150.jpg 150w, https:\/\/laudiocomercial.com\/wp-content\/uploads\/2022\/12\/MONAI-2022-300x300.jpg 300w, https:\/\/laudiocomercial.com\/wp-content\/uploads\/2022\/12\/MONAI-2022-1024x1024.jpg 1024w, https:\/\/laudiocomercial.com\/wp-content\/uploads\/2022\/12\/MONAI-2022-768x768.jpg 768w, https:\/\/laudiocomercial.com\/wp-content\/uploads\/2022\/12\/MONAI-2022-570x570.jpg 570w, https:\/\/laudiocomercial.com\/wp-content\/uploads\/2022\/12\/MONAI-2022-500x500.jpg 500w, https:\/\/laudiocomercial.com\/wp-content\/uploads\/2022\/12\/MONAI-2022-1000x1000.jpg 1000w, https:\/\/laudiocomercial.com\/wp-content\/uploads\/2022\/12\/MONAI-2022-700x700.jpg 700w, https:\/\/laudiocomercial.com\/wp-content\/uploads\/2022\/12\/MONAI-2022.jpg 1200w\" sizes=\"(max-width: 150px) 100vw, 150px\" \/><\/a>\n\t\t\t<\/dt>\n\t\t\t\t<dd class='wp-caption-text gallery-caption' id='gallery-1-18247'>\n\t\t\t\tMONAI &#8211; 1\u00ba PREMIO POPULAR\n\t\t\t\t<\/dd><\/dl><dl class='gallery-item'>\n\t\t\t<dt class='gallery-icon portrait'>\n\t\t\t\t<a href='https:\/\/laudiocomercial.com\/es\/nina-life-styling-2022\/'><img width=\"150\" height=\"150\" src=\"https:\/\/laudiocomercial.com\/wp-content\/uploads\/2022\/12\/NINA-LIFE-STYLING-2022-150x150.jpg\" class=\"attachment-thumbnail size-thumbnail\" alt=\"\" decoding=\"async\" loading=\"lazy\" aria-describedby=\"gallery-1-18248\" srcset=\"https:\/\/laudiocomercial.com\/wp-content\/uploads\/2022\/12\/NINA-LIFE-STYLING-2022-150x150.jpg 150w, https:\/\/laudiocomercial.com\/wp-content\/uploads\/2022\/12\/NINA-LIFE-STYLING-2022-570x570.jpg 570w, https:\/\/laudiocomercial.com\/wp-content\/uploads\/2022\/12\/NINA-LIFE-STYLING-2022-500x500.jpg 500w, https:\/\/laudiocomercial.com\/wp-content\/uploads\/2022\/12\/NINA-LIFE-STYLING-2022-1000x1000.jpg 1000w\" sizes=\"(max-width: 150px) 100vw, 150px\" \/><\/a>\n\t\t\t<\/dt>\n\t\t\t\t<dd class='wp-caption-text gallery-caption' id='gallery-1-18248'>\n\t\t\t\tNINA LIFE STYLING\n\t\t\t\t<\/dd><\/dl><br style=\"clear: both\" \/><dl class='gallery-item'>\n\t\t\t<dt class='gallery-icon landscape'>\n\t\t\t\t<a href='https:\/\/laudiocomercial.com\/es\/olympus-kirol-denda-2022\/'><img width=\"150\" height=\"150\" src=\"https:\/\/laudiocomercial.com\/wp-content\/uploads\/2022\/12\/OLYMPUS-KIROL-DENDA-2022-150x150.jpg\" class=\"attachment-thumbnail size-thumbnail\" alt=\"\" decoding=\"async\" loading=\"lazy\" aria-describedby=\"gallery-1-18249\" srcset=\"https:\/\/laudiocomercial.com\/wp-content\/uploads\/2022\/12\/OLYMPUS-KIROL-DENDA-2022-150x150.jpg 150w, https:\/\/laudiocomercial.com\/wp-content\/uploads\/2022\/12\/OLYMPUS-KIROL-DENDA-2022-570x570.jpg 570w, https:\/\/laudiocomercial.com\/wp-content\/uploads\/2022\/12\/OLYMPUS-KIROL-DENDA-2022-500x500.jpg 500w, https:\/\/laudiocomercial.com\/wp-content\/uploads\/2022\/12\/OLYMPUS-KIROL-DENDA-2022-1000x1000.jpg 1000w\" sizes=\"(max-width: 150px) 100vw, 150px\" \/><\/a>\n\t\t\t<\/dt>\n\t\t\t\t<dd class='wp-caption-text gallery-caption' id='gallery-1-18249'>\n\t\t\t\tOLYMPUS KIROL DENDA\n\t\t\t\t<\/dd><\/dl><dl class='gallery-item'>\n\t\t\t<dt class='gallery-icon landscape'>\n\t\t\t\t<a href='https:\/\/laudiocomercial.com\/es\/optica-luyando-2022\/'><img width=\"150\" height=\"150\" src=\"https:\/\/laudiocomercial.com\/wp-content\/uploads\/2022\/12\/OPTICA-LUYANDO-2022-150x150.jpg\" class=\"attachment-thumbnail size-thumbnail\" alt=\"\" decoding=\"async\" loading=\"lazy\" aria-describedby=\"gallery-1-18250\" srcset=\"https:\/\/laudiocomercial.com\/wp-content\/uploads\/2022\/12\/OPTICA-LUYANDO-2022-150x150.jpg 150w, https:\/\/laudiocomercial.com\/wp-content\/uploads\/2022\/12\/OPTICA-LUYANDO-2022-570x570.jpg 570w, https:\/\/laudiocomercial.com\/wp-content\/uploads\/2022\/12\/OPTICA-LUYANDO-2022-500x500.jpg 500w, https:\/\/laudiocomercial.com\/wp-content\/uploads\/2022\/12\/OPTICA-LUYANDO-2022-1000x1000.jpg 1000w\" sizes=\"(max-width: 150px) 100vw, 150px\" \/><\/a>\n\t\t\t<\/dt>\n\t\t\t\t<dd class='wp-caption-text gallery-caption' id='gallery-1-18250'>\n\t\t\t\t\u00d3PTICA LUYANDO\n\t\t\t\t<\/dd><\/dl><dl class='gallery-item'>\n\t\t\t<dt class='gallery-icon portrait'>\n\t\t\t\t<a href='https:\/\/laudiocomercial.com\/es\/perfumeria-irusta-2022\/'><img width=\"150\" height=\"150\" src=\"https:\/\/laudiocomercial.com\/wp-content\/uploads\/2022\/12\/PERFUMERIA-IRUSTA-2022-150x150.jpg\" class=\"attachment-thumbnail size-thumbnail\" alt=\"\" decoding=\"async\" loading=\"lazy\" aria-describedby=\"gallery-1-18251\" srcset=\"https:\/\/laudiocomercial.com\/wp-content\/uploads\/2022\/12\/PERFUMERIA-IRUSTA-2022-150x150.jpg 150w, https:\/\/laudiocomercial.com\/wp-content\/uploads\/2022\/12\/PERFUMERIA-IRUSTA-2022-570x570.jpg 570w, https:\/\/laudiocomercial.com\/wp-content\/uploads\/2022\/12\/PERFUMERIA-IRUSTA-2022-500x500.jpg 500w, https:\/\/laudiocomercial.com\/wp-content\/uploads\/2022\/12\/PERFUMERIA-IRUSTA-2022-1000x1000.jpg 1000w\" sizes=\"(max-width: 150px) 100vw, 150px\" \/><\/a>\n\t\t\t<\/dt>\n\t\t\t\t<dd class='wp-caption-text gallery-caption' id='gallery-1-18251'>\n\t\t\t\tPERFUMER\u00cdA IRUSTA &#8211; 1\u00ba PREMIO T\u00c9CNICO LLODIO Y 1\u00ba PREMIO T\u00c9CNICO AYALA\n\t\t\t\t<\/dd><\/dl><br style=\"clear: both\" \/><dl class='gallery-item'>\n\t\t\t<dt class='gallery-icon landscape'>\n\t\t\t\t<a href='https:\/\/laudiocomercial.com\/es\/perfumeria-nahikari-2022\/'><img width=\"150\" height=\"150\" src=\"https:\/\/laudiocomercial.com\/wp-content\/uploads\/2022\/12\/PERFUMERIA-NAHIKARI-2022-150x150.jpg\" class=\"attachment-thumbnail size-thumbnail\" alt=\"\" decoding=\"async\" loading=\"lazy\" aria-describedby=\"gallery-1-18252\" srcset=\"https:\/\/laudiocomercial.com\/wp-content\/uploads\/2022\/12\/PERFUMERIA-NAHIKARI-2022-150x150.jpg 150w, https:\/\/laudiocomercial.com\/wp-content\/uploads\/2022\/12\/PERFUMERIA-NAHIKARI-2022-570x570.jpg 570w, https:\/\/laudiocomercial.com\/wp-content\/uploads\/2022\/12\/PERFUMERIA-NAHIKARI-2022-500x500.jpg 500w, https:\/\/laudiocomercial.com\/wp-content\/uploads\/2022\/12\/PERFUMERIA-NAHIKARI-2022-1000x1000.jpg 1000w\" sizes=\"(max-width: 150px) 100vw, 150px\" \/><\/a>\n\t\t\t<\/dt>\n\t\t\t\t<dd class='wp-caption-text gallery-caption' id='gallery-1-18252'>\n\t\t\t\tPERFUMER\u00cdA NAHIKARI\n\t\t\t\t<\/dd><\/dl><dl class='gallery-item'>\n\t\t\t<dt class='gallery-icon landscape'>\n\t\t\t\t<a href='https:\/\/laudiocomercial.com\/es\/salon-mila-vidal-2022\/'><img width=\"150\" height=\"150\" src=\"https:\/\/laudiocomercial.com\/wp-content\/uploads\/2022\/12\/SALON-MILA-VIDAL-2022-150x150.jpg\" class=\"attachment-thumbnail size-thumbnail\" alt=\"\" decoding=\"async\" loading=\"lazy\" aria-describedby=\"gallery-1-18253\" srcset=\"https:\/\/laudiocomercial.com\/wp-content\/uploads\/2022\/12\/SALON-MILA-VIDAL-2022-150x150.jpg 150w, https:\/\/laudiocomercial.com\/wp-content\/uploads\/2022\/12\/SALON-MILA-VIDAL-2022-570x570.jpg 570w, https:\/\/laudiocomercial.com\/wp-content\/uploads\/2022\/12\/SALON-MILA-VIDAL-2022-500x500.jpg 500w, https:\/\/laudiocomercial.com\/wp-content\/uploads\/2022\/12\/SALON-MILA-VIDAL-2022-1000x1000.jpg 1000w\" sizes=\"(max-width: 150px) 100vw, 150px\" \/><\/a>\n\t\t\t<\/dt>\n\t\t\t\t<dd class='wp-caption-text gallery-caption' id='gallery-1-18253'>\n\t\t\t\tSAL\u00d3N MILA VIDAL\n\t\t\t\t<\/dd><\/dl><dl class='gallery-item'>\n\t\t\t<dt class='gallery-icon portrait'>\n\t\t\t\t<a href='https:\/\/laudiocomercial.com\/es\/tapiceria-juan-2022\/'><img width=\"150\" height=\"150\" src=\"https:\/\/laudiocomercial.com\/wp-content\/uploads\/2022\/12\/TAPICERIA-JUAN-2022-150x150.jpg\" class=\"attachment-thumbnail size-thumbnail\" alt=\"\" decoding=\"async\" loading=\"lazy\" aria-describedby=\"gallery-1-18254\" srcset=\"https:\/\/laudiocomercial.com\/wp-content\/uploads\/2022\/12\/TAPICERIA-JUAN-2022-150x150.jpg 150w, https:\/\/laudiocomercial.com\/wp-content\/uploads\/2022\/12\/TAPICERIA-JUAN-2022-570x570.jpg 570w, https:\/\/laudiocomercial.com\/wp-content\/uploads\/2022\/12\/TAPICERIA-JUAN-2022-500x500.jpg 500w, https:\/\/laudiocomercial.com\/wp-content\/uploads\/2022\/12\/TAPICERIA-JUAN-2022-1000x1000.jpg 1000w\" sizes=\"(max-width: 150px) 100vw, 150px\" \/><\/a>\n\t\t\t<\/dt>\n\t\t\t\t<dd class='wp-caption-text gallery-caption' id='gallery-1-18254'>\n\t\t\t\tTAPICER\u00cdA JUAN\n\t\t\t\t<\/dd><\/dl><br style=\"clear: both\" \/><dl class='gallery-item'>\n\t\t\t<dt class='gallery-icon portrait'>\n\t\t\t\t<a href='https:\/\/laudiocomercial.com\/es\/trece-13-2022\/'><img width=\"150\" height=\"150\" src=\"https:\/\/laudiocomercial.com\/wp-content\/uploads\/2022\/12\/TRECE-13-2022-150x150.jpeg\" class=\"attachment-thumbnail size-thumbnail\" alt=\"\" decoding=\"async\" loading=\"lazy\" aria-describedby=\"gallery-1-18255\" srcset=\"https:\/\/laudiocomercial.com\/wp-content\/uploads\/2022\/12\/TRECE-13-2022-150x150.jpeg 150w, https:\/\/laudiocomercial.com\/wp-content\/uploads\/2022\/12\/TRECE-13-2022-570x570.jpeg 570w, https:\/\/laudiocomercial.com\/wp-content\/uploads\/2022\/12\/TRECE-13-2022-500x500.jpeg 500w, https:\/\/laudiocomercial.com\/wp-content\/uploads\/2022\/12\/TRECE-13-2022-1000x1000.jpeg 1000w\" sizes=\"(max-width: 150px) 100vw, 150px\" \/><\/a>\n\t\t\t<\/dt>\n\t\t\t\t<dd class='wp-caption-text gallery-caption' id='gallery-1-18255'>\n\t\t\t\tTRECE13\n\t\t\t\t<\/dd><\/dl><dl class='gallery-item'>\n\t\t\t<dt class='gallery-icon landscape'>\n\t\t\t\t<a href='https:\/\/laudiocomercial.com\/es\/trenpea-2022\/'><img width=\"150\" height=\"150\" src=\"https:\/\/laudiocomercial.com\/wp-content\/uploads\/2022\/12\/TRENPEA-2022-150x150.jpg\" class=\"attachment-thumbnail size-thumbnail\" alt=\"\" decoding=\"async\" loading=\"lazy\" aria-describedby=\"gallery-1-18256\" srcset=\"https:\/\/laudiocomercial.com\/wp-content\/uploads\/2022\/12\/TRENPEA-2022-150x150.jpg 150w, https:\/\/laudiocomercial.com\/wp-content\/uploads\/2022\/12\/TRENPEA-2022-570x570.jpg 570w, https:\/\/laudiocomercial.com\/wp-content\/uploads\/2022\/12\/TRENPEA-2022-500x500.jpg 500w\" sizes=\"(max-width: 150px) 100vw, 150px\" \/><\/a>\n\t\t\t<\/dt>\n\t\t\t\t<dd class='wp-caption-text gallery-caption' id='gallery-1-18256'>\n\t\t\t\tTRENPEA\n\t\t\t\t<\/dd><\/dl><dl class='gallery-item'>\n\t\t\t<dt class='gallery-icon portrait'>\n\t\t\t\t<a href='https:\/\/laudiocomercial.com\/es\/tximeleta-boutique-2022\/'><img width=\"150\" height=\"150\" src=\"https:\/\/laudiocomercial.com\/wp-content\/uploads\/2022\/12\/TXIMELETA-BOUTIQUE-2022-150x150.jpg\" class=\"attachment-thumbnail size-thumbnail\" alt=\"\" decoding=\"async\" loading=\"lazy\" aria-describedby=\"gallery-1-18257\" srcset=\"https:\/\/laudiocomercial.com\/wp-content\/uploads\/2022\/12\/TXIMELETA-BOUTIQUE-2022-150x150.jpg 150w, https:\/\/laudiocomercial.com\/wp-content\/uploads\/2022\/12\/TXIMELETA-BOUTIQUE-2022-570x570.jpg 570w, https:\/\/laudiocomercial.com\/wp-content\/uploads\/2022\/12\/TXIMELETA-BOUTIQUE-2022-500x500.jpg 500w, https:\/\/laudiocomercial.com\/wp-content\/uploads\/2022\/12\/TXIMELETA-BOUTIQUE-2022-1000x1000.jpg 1000w\" sizes=\"(max-width: 150px) 100vw, 150px\" \/><\/a>\n\t\t\t<\/dt>\n\t\t\t\t<dd class='wp-caption-text gallery-caption' id='gallery-1-18257'>\n\t\t\t\tTXIMELETA\n\t\t\t\t<\/dd><\/dl><br style=\"clear: both\" \/><dl class='gallery-item'>\n\t\t\t<dt class='gallery-icon portrait'>\n\t\t\t\t<a href='https:\/\/laudiocomercial.com\/es\/xxix-concurso-de-escaparates-de-llodio-2\/monai-1o-popular\/'><img width=\"150\" height=\"150\" src=\"https:\/\/laudiocomercial.com\/wp-content\/uploads\/2022\/12\/MONAI-1o-POPULAR-150x150.jpg\" class=\"attachment-thumbnail size-thumbnail\" alt=\"\" decoding=\"async\" loading=\"lazy\" aria-describedby=\"gallery-1-18259\" srcset=\"https:\/\/laudiocomercial.com\/wp-content\/uploads\/2022\/12\/MONAI-1o-POPULAR-150x150.jpg 150w, https:\/\/laudiocomercial.com\/wp-content\/uploads\/2022\/12\/MONAI-1o-POPULAR-570x570.jpg 570w, https:\/\/laudiocomercial.com\/wp-content\/uploads\/2022\/12\/MONAI-1o-POPULAR-500x500.jpg 500w, https:\/\/laudiocomercial.com\/wp-content\/uploads\/2022\/12\/MONAI-1o-POPULAR-1000x1000.jpg 1000w\" sizes=\"(max-width: 150px) 100vw, 150px\" \/><\/a>\n\t\t\t<\/dt>\n\t\t\t\t<dd class='wp-caption-text gallery-caption' id='gallery-1-18259'>\n\t\t\t\tEntrega 1\u00ba premio popular Monai\n\t\t\t\t<\/dd><\/dl><dl class='gallery-item'>\n\t\t\t<dt class='gallery-icon portrait'>\n\t\t\t\t<a href='https:\/\/laudiocomercial.com\/es\/xxix-concurso-de-escaparates-de-llodio-2\/perfumeria-irusta-1o-tecnico-llodio-2022\/'><img width=\"150\" height=\"150\" src=\"https:\/\/laudiocomercial.com\/wp-content\/uploads\/2022\/12\/PERFUMERIA-IRUSTA-1o-TECNICO-LLODIO-2022-150x150.jpg\" class=\"attachment-thumbnail size-thumbnail\" alt=\"\" decoding=\"async\" loading=\"lazy\" aria-describedby=\"gallery-1-18260\" srcset=\"https:\/\/laudiocomercial.com\/wp-content\/uploads\/2022\/12\/PERFUMERIA-IRUSTA-1o-TECNICO-LLODIO-2022-150x150.jpg 150w, https:\/\/laudiocomercial.com\/wp-content\/uploads\/2022\/12\/PERFUMERIA-IRUSTA-1o-TECNICO-LLODIO-2022-570x570.jpg 570w, https:\/\/laudiocomercial.com\/wp-content\/uploads\/2022\/12\/PERFUMERIA-IRUSTA-1o-TECNICO-LLODIO-2022-500x500.jpg 500w, https:\/\/laudiocomercial.com\/wp-content\/uploads\/2022\/12\/PERFUMERIA-IRUSTA-1o-TECNICO-LLODIO-2022-1000x1000.jpg 1000w\" sizes=\"(max-width: 150px) 100vw, 150px\" \/><\/a>\n\t\t\t<\/dt>\n\t\t\t\t<dd class='wp-caption-text gallery-caption' id='gallery-1-18260'>\n\t\t\t\tEntrega 1\u00ba premio t\u00e9cnico Perfumer\u00eda Irusta\n\t\t\t\t<\/dd><\/dl><dl class='gallery-item'>\n\t\t\t<dt class='gallery-icon portrait'>\n\t\t\t\t<a href='https:\/\/laudiocomercial.com\/es\/xxix-concurso-de-escaparates-de-llodio-2\/ez-bai-novel\/'><img width=\"150\" height=\"150\" src=\"https:\/\/laudiocomercial.com\/wp-content\/uploads\/2022\/12\/EZ-BAI-NOVEL-150x150.jpg\" class=\"attachment-thumbnail size-thumbnail\" alt=\"\" decoding=\"async\" loading=\"lazy\" aria-describedby=\"gallery-1-18261\" srcset=\"https:\/\/laudiocomercial.com\/wp-content\/uploads\/2022\/12\/EZ-BAI-NOVEL-150x150.jpg 150w, https:\/\/laudiocomercial.com\/wp-content\/uploads\/2022\/12\/EZ-BAI-NOVEL-570x570.jpg 570w, https:\/\/laudiocomercial.com\/wp-content\/uploads\/2022\/12\/EZ-BAI-NOVEL-500x500.jpg 500w, https:\/\/laudiocomercial.com\/wp-content\/uploads\/2022\/12\/EZ-BAI-NOVEL-1000x1000.jpg 1000w\" sizes=\"(max-width: 150px) 100vw, 150px\" \/><\/a>\n\t\t\t<\/dt>\n\t\t\t\t<dd class='wp-caption-text gallery-caption' id='gallery-1-18261'>\n\t\t\t\tEntrega premio mejor escaparate novel a Ez&#038;Bai\n\t\t\t\t<\/dd><\/dl><br style=\"clear: both\" \/><dl class='gallery-item'>\n\t\t\t<dt class='gallery-icon portrait'>\n\t\t\t\t<a href='https:\/\/laudiocomercial.com\/es\/xxix-concurso-de-escaparates-de-llodio-2\/lur-natur-denda-euskera\/'><img width=\"150\" height=\"150\" src=\"https:\/\/laudiocomercial.com\/wp-content\/uploads\/2022\/12\/LUR-NATUR-DENDA-EUSKERA-150x150.jpg\" class=\"attachment-thumbnail size-thumbnail\" alt=\"\" decoding=\"async\" loading=\"lazy\" aria-describedby=\"gallery-1-18262\" srcset=\"https:\/\/laudiocomercial.com\/wp-content\/uploads\/2022\/12\/LUR-NATUR-DENDA-EUSKERA-150x150.jpg 150w, https:\/\/laudiocomercial.com\/wp-content\/uploads\/2022\/12\/LUR-NATUR-DENDA-EUSKERA-570x570.jpg 570w, https:\/\/laudiocomercial.com\/wp-content\/uploads\/2022\/12\/LUR-NATUR-DENDA-EUSKERA-500x500.jpg 500w, https:\/\/laudiocomercial.com\/wp-content\/uploads\/2022\/12\/LUR-NATUR-DENDA-EUSKERA-1000x1000.jpg 1000w\" sizes=\"(max-width: 150px) 100vw, 150px\" \/><\/a>\n\t\t\t<\/dt>\n\t\t\t\t<dd class='wp-caption-text gallery-caption' id='gallery-1-18262'>\n\t\t\t\tEntrega premio a la integraci\u00f3n del euskera Lur Natur Denda\n\t\t\t\t<\/dd><\/dl>\n\t\t\t<br style='clear: both' \/>\n\t\t<\/div>\n<\/p>","protected":false},"excerpt":{"rendered":"<p>Ayer se celebr\u00f3 en el Museo Etnogr\u00e1fico de Artziniega la gala de entrega de premios del IX Concurso de Escaparates de Ayala y del XXIX&#8230;<\/p>\n","protected":false},"author":1,"featured_media":18264,"comment_status":"closed","ping_status":"closed","sticky":false,"template":"","format":"standard","meta":{"_themeisle_gutenberg_block_has_review":false},"categories":[666],"tags":[],"yoast_head":"<!-- This site is optimized with the Yoast SEO plugin v20.2.1 - https:\/\/yoast.com\/wordpress\/plugins\/seo\/ -->\n<title>XXIX CONCURSO DE ESCAPARATES DE LLODIO - Apill | Llodio<\/title>\n<meta name=\"robots\" content=\"index, follow, max-snippet:-1, max-image-preview:large, max-video-preview:-1\" \/>\n<link rel=\"canonical\" href=\"https:\/\/laudiocomercial.com\/es\/xxix-concurso-de-escaparates-de-llodio-2\/\" \/>\n<meta property=\"og:locale\" content=\"es_ES\" \/>\n<meta property=\"og:type\" content=\"article\" \/>\n<meta property=\"og:title\" content=\"XXIX CONCURSO DE ESCAPARATES DE LLODIO - Apill | Llodio\" \/>\n<meta property=\"og:description\" content=\"Ayer se celebr\u00f3 en el Museo Etnogr\u00e1fico de Artziniega la gala de entrega de premios del IX Concurso de Escaparates de Ayala y del XXIX...\" \/>\n<meta property=\"og:url\" content=\"https:\/\/laudiocomercial.com\/es\/xxix-concurso-de-escaparates-de-llodio-2\/\" \/>\n<meta property=\"og:site_name\" content=\"Apill | Llodio\" \/>\n<meta property=\"article:published_time\" content=\"2022-12-22T11:47:55+00:00\" \/>\n<meta property=\"article:modified_time\" content=\"2022-12-22T12:20:19+00:00\" \/>\n<meta property=\"og:image\" content=\"https:\/\/laudiocomercial.com\/wp-content\/uploads\/2022\/12\/FOTO-GRUPO-2.jpg\" \/>\n\t<meta property=\"og:image:width\" content=\"2000\" \/>\n\t<meta property=\"og:image:height\" content=\"1500\" \/>\n\t<meta property=\"og:image:type\" content=\"image\/jpeg\" \/>\n<meta name=\"author\" content=\"Noticias\" \/>\n<meta name=\"twitter:label1\" content=\"Escrito por\" \/>\n\t<meta name=\"twitter:data1\" content=\"Noticias\" \/>\n\t<meta name=\"twitter:label2\" content=\"Tiempo de lectura\" \/>\n\t<meta name=\"twitter:data2\" content=\"3 minutos\" \/>\n<script type=\"application\/ld+json\" class=\"yoast-schema-graph\">{\"@context\":\"https:\/\/schema.org\",\"@graph\":[{\"@type\":\"WebPage\",\"@id\":\"https:\/\/laudiocomercial.com\/es\/xxix-concurso-de-escaparates-de-llodio-2\/\",\"url\":\"https:\/\/laudiocomercial.com\/es\/xxix-concurso-de-escaparates-de-llodio-2\/\",\"name\":\"XXIX CONCURSO DE ESCAPARATES DE LLODIO - Apill | Llodio\",\"isPartOf\":{\"@id\":\"https:\/\/laudiocomercial.com\/#website\"},\"datePublished\":\"2022-12-22T11:47:55+00:00\",\"dateModified\":\"2022-12-22T12:20:19+00:00\",\"author\":{\"@id\":\"https:\/\/laudiocomercial.com\/#\/schema\/person\/bea61d1b618134a9efaca815f7e22de8\"},\"breadcrumb\":{\"@id\":\"https:\/\/laudiocomercial.com\/es\/xxix-concurso-de-escaparates-de-llodio-2\/#breadcrumb\"},\"inLanguage\":\"es\",\"potentialAction\":[{\"@type\":\"ReadAction\",\"target\":[\"https:\/\/laudiocomercial.com\/es\/xxix-concurso-de-escaparates-de-llodio-2\/\"]}]},{\"@type\":\"BreadcrumbList\",\"@id\":\"https:\/\/laudiocomercial.com\/es\/xxix-concurso-de-escaparates-de-llodio-2\/#breadcrumb\",\"itemListElement\":[{\"@type\":\"ListItem\",\"position\":1,\"name\":\"Portada\",\"item\":\"https:\/\/laudiocomercial.com\/\"},{\"@type\":\"ListItem\",\"position\":2,\"name\":\"XXIX CONCURSO DE ESCAPARATES DE LLODIO\"}]},{\"@type\":\"WebSite\",\"@id\":\"https:\/\/laudiocomercial.com\/#website\",\"url\":\"https:\/\/laudiocomercial.com\/\",\"name\":\"Apill | Llodio\",\"description\":\"Comercio y Ocio\",\"potentialAction\":[{\"@type\":\"SearchAction\",\"target\":{\"@type\":\"EntryPoint\",\"urlTemplate\":\"https:\/\/laudiocomercial.com\/?s={search_term_string}\"},\"query-input\":\"required name=search_term_string\"}],\"inLanguage\":\"es\"},{\"@type\":\"Person\",\"@id\":\"https:\/\/laudiocomercial.com\/#\/schema\/person\/bea61d1b618134a9efaca815f7e22de8\",\"name\":\"Noticias\",\"image\":{\"@type\":\"ImageObject\",\"inLanguage\":\"es\",\"@id\":\"https:\/\/laudiocomercial.com\/#\/schema\/person\/image\/\",\"url\":\"https:\/\/laudiocomercial.com\/wp-content\/uploads\/2017\/04\/avatar_apill-150x150.png\",\"contentUrl\":\"https:\/\/laudiocomercial.com\/wp-content\/uploads\/2017\/04\/avatar_apill-150x150.png\",\"caption\":\"Noticias\"},\"url\":\"https:\/\/laudiocomercial.com\/es\/author\/apill_admin\/\"}]}<\/script>\n<!-- \/ Yoast SEO plugin. -->","yoast_head_json":{"title":"XXIX CONCURSO DE ESCAPARATES DE LLODIO - Apill | Llodio","robots":{"index":"index","follow":"follow","max-snippet":"max-snippet:-1","max-image-preview":"max-image-preview:large","max-video-preview":"max-video-preview:-1"},"canonical":"https:\/\/laudiocomercial.com\/es\/xxix-concurso-de-escaparates-de-llodio-2\/","og_locale":"es_ES","og_type":"article","og_title":"XXIX CONCURSO DE ESCAPARATES DE LLODIO - Apill | Llodio","og_description":"Ayer se celebr\u00f3 en el Museo Etnogr\u00e1fico de Artziniega la gala de entrega de premios del IX Concurso de Escaparates de Ayala y del XXIX...","og_url":"https:\/\/laudiocomercial.com\/es\/xxix-concurso-de-escaparates-de-llodio-2\/","og_site_name":"Apill | Llodio","article_published_time":"2022-12-22T11:47:55+00:00","article_modified_time":"2022-12-22T12:20:19+00:00","og_image":[{"width":2000,"height":1500,"url":"https:\/\/laudiocomercial.com\/wp-content\/uploads\/2022\/12\/FOTO-GRUPO-2.jpg","type":"image\/jpeg"}],"author":"Noticias","twitter_misc":{"Escrito por":"Noticias","Tiempo de lectura":"3 minutos"},"schema":{"@context":"https:\/\/schema.org","@graph":[{"@type":"WebPage","@id":"https:\/\/laudiocomercial.com\/es\/xxix-concurso-de-escaparates-de-llodio-2\/","url":"https:\/\/laudiocomercial.com\/es\/xxix-concurso-de-escaparates-de-llodio-2\/","name":"XXIX CONCURSO DE ESCAPARATES DE LLODIO - Apill | Llodio","isPartOf":{"@id":"https:\/\/laudiocomercial.com\/#website"},"datePublished":"2022-12-22T11:47:55+00:00","dateModified":"2022-12-22T12:20:19+00:00","author":{"@id":"https:\/\/laudiocomercial.com\/#\/schema\/person\/bea61d1b618134a9efaca815f7e22de8"},"breadcrumb":{"@id":"https:\/\/laudiocomercial.com\/es\/xxix-concurso-de-escaparates-de-llodio-2\/#breadcrumb"},"inLanguage":"es","potentialAction":[{"@type":"ReadAction","target":["https:\/\/laudiocomercial.com\/es\/xxix-concurso-de-escaparates-de-llodio-2\/"]}]},{"@type":"BreadcrumbList","@id":"https:\/\/laudiocomercial.com\/es\/xxix-concurso-de-escaparates-de-llodio-2\/#breadcrumb","itemListElement":[{"@type":"ListItem","position":1,"name":"Portada","item":"https:\/\/laudiocomercial.com\/"},{"@type":"ListItem","position":2,"name":"XXIX CONCURSO DE ESCAPARATES DE LLODIO"}]},{"@type":"WebSite","@id":"https:\/\/laudiocomercial.com\/#website","url":"https:\/\/laudiocomercial.com\/","name":"Apill | Llodio","description":"Comercio y Ocio","potentialAction":[{"@type":"SearchAction","target":{"@type":"EntryPoint","urlTemplate":"https:\/\/laudiocomercial.com\/?s={search_term_string}"},"query-input":"required name=search_term_string"}],"inLanguage":"es"},{"@type":"Person","@id":"https:\/\/laudiocomercial.com\/#\/schema\/person\/bea61d1b618134a9efaca815f7e22de8","name":"Noticias","image":{"@type":"ImageObject","inLanguage":"es","@id":"https:\/\/laudiocomercial.com\/#\/schema\/person\/image\/","url":"https:\/\/laudiocomercial.com\/wp-content\/uploads\/2017\/04\/avatar_apill-150x150.png","contentUrl":"https:\/\/laudiocomercial.com\/wp-content\/uploads\/2017\/04\/avatar_apill-150x150.png","caption":"Noticias"},"url":"https:\/\/laudiocomercial.com\/es\/author\/apill_admin\/"}]}},"_links":{"self":[{"href":"https:\/\/laudiocomercial.com\/es\/wp-json\/wp\/v2\/posts\/18258"}],"collection":[{"href":"https:\/\/laudiocomercial.com\/es\/wp-json\/wp\/v2\/posts"}],"about":[{"href":"https:\/\/laudiocomercial.com\/es\/wp-json\/wp\/v2\/types\/post"}],"author":[{"embeddable":true,"href":"https:\/\/laudiocomercial.com\/es\/wp-json\/wp\/v2\/users\/1"}],"replies":[{"embeddable":true,"href":"https:\/\/laudiocomercial.com\/es\/wp-json\/wp\/v2\/comments?post=18258"}],"version-history":[{"count":3,"href":"https:\/\/laudiocomercial.com\/es\/wp-json\/wp\/v2\/posts\/18258\/revisions"}],"predecessor-version":[{"id":18266,"href":"https:\/\/laudiocomercial.com\/es\/wp-json\/wp\/v2\/posts\/18258\/revisions\/18266"}],"wp:featuredmedia":[{"embeddable":true,"href":"https:\/\/laudiocomercial.com\/es\/wp-json\/wp\/v2\/media\/18264"}],"wp:attachment":[{"href":"https:\/\/laudiocomercial.com\/es\/wp-json\/wp\/v2\/media?parent=18258"}],"wp:term":[{"taxonomy":"category","embeddable":true,"href":"https:\/\/laudiocomercial.com\/es\/wp-json\/wp\/v2\/categories?post=18258"},{"taxonomy":"post_tag","embeddable":true,"href":"https:\/\/laudiocomercial.com\/es\/wp-json\/wp\/v2\/tags?post=18258"}],"curies":[{"name":"wp","href":"https:\/\/api.w.org\/{rel}","templated":true}]}}